{"id":798,"date":"2023-05-31T19:02:00","date_gmt":"2023-05-31T19:02:00","guid":{"rendered":"https:\/\/oamenivalorifapte.ro\/?p=798"},"modified":"2024-07-06T07:57:14","modified_gmt":"2024-07-06T07:57:14","slug":"album-2-balchik-bulgaria-31-mai-2023","status":"publish","type":"post","link":"https:\/\/oamenivalorifapte.ro\/index.php\/2023\/05\/31\/album-2-balchik-bulgaria-31-mai-2023\/","title":{"rendered":"Album 2, Balchik, Bulgaria 31 mai 2023"},"content":{"rendered":"\n<p>&#8230;&#8230;din nou, ploaia cald\u0103, de var\u0103 ne-a \u00eenso\u021bit \u0219i la #Balchik \u0219i din nou ne-am umplut sufletele de beatitudinea momentului, unic, f\u0103r\u0103 prea mult\u0103 descriere&#8230;..<br>Un c\u00e2ntec al lui EL NEGRO spunea<br>&#8220;\ud835\udc43\ud835\udc59\ud835\udc5c\ud835\udc4e\ud835\udc56\ud835\udc4e \ud835\udc50\ud835\udc4e\ud835\udc5f\ud835\udc52 \ud835\udc63\ud835\udc4e \ud835\udc50\ud835\udc4e\ud835\udc51\ud835\udc52\ud835\udc4e<br>\ud835\udc43\ud835\udc4e\ud835\udc50\ud835\udc4e\ud835\udc61\ud835\udc52\ud835\udc59\ud835\udc52 \ud835\udc61\ud835\udc5c\ud835\udc4e\ud835\udc61\ud835\udc52 \ud835\udc5a\ud835\udc56 \ud835\udc59\ud835\udc52 \ud835\udc63\ud835\udc4e \ud835\udc60\ud835\udc5d\ud835\udc4e\ud835\udc59\ud835\udc4e&#8230;&#8230;.&#8221;<br>doar ne admirau trec\u0103torii&#8230;..<br>Eram la \u00eentoarcere spre cas\u0103 dup\u0103 o zi mai mult dec\u00e2t frumoas\u0103.<br><br>Tot drumul dus-\u00eentors, \u00een autocar a fost numai o voio\u0219ie \u0219i o explozie de bucurie! Voluntarele noastre au reu\u0219it s\u0103 ajung\u0103 la inima seniorilor. Am creat o atmosfer\u0103 cald\u0103, prieteneasc\u0103, am c\u00e2ntat toat\u0103 gama de c\u00e2ntece \u0219tiute, am ascultat melodiile preferate, am spus glume, am r\u00e2s cu poft\u0103, am dansat, i-am informat pe seniori la tot pasul cu diverse prezent\u0103ri inclusiv a obiectivelor de vizitat, am fost mereu al\u0103turi de sufletul lor, la fel ca pentru p\u0103rin\u021bii sau bunicii no\u0219tri.<br>La Balchik am vizitat \u00eentreg Complexul arhitectural \u0219i Parcul Castelului Balchik. Am c\u00e2ntat cu to\u021bii pe aleile Parcului, printre cactu\u0219i, ne-am f\u0103cut sute de fotografii memorabile, amintiri de neuitat.<br><br>Mul\u021bumiri echipei Oracle Romania, voluntarei \ud835\udc02\ud835\udc2b\ud835\udc22\ud835\udc2c\ud835\udc2d\ud835\udc22\ud835\udc27\ud835\udc1a \ud835\udc01\ud835\udc2e\ud835\udc20\ud835\udc2e \u0219i Team Leader \ud835\udc01\ud835\udc28\ud835\udc20\ud835\udc1d\ud835\udc1a\ud835\udc27 \ud835\udc13\ud835\udc2e\ud835\udc2b\ud835\udc2d\ud835\udc28\ud835\udc22, tuturor voluntarelor noastre minunate care fac posibile aceste ac\u021biuni frumoase \u0219i tuturor partenerilor care ne sus\u021bin proiectele! \ud835\uddd4\ud835\uddf0\ud835\ude01\u0326\ud835\uddf6\ud835\ude02\ud835\uddfb\ud835\uddf2\ud835\uddee \ud835\uddf3\ud835\uddee\ud835\uddf0\ud835\uddf2 \ud835\uddfd\ud835\uddee\ud835\uddff\ud835\ude01\ud835\uddf2 \ud835\uddf1\ud835\uddf6\ud835\uddfb \ud835\udde3\ud835\uddff\ud835\uddfc\ud835\uddf4\ud835\uddff\ud835\uddee\ud835\uddfa\ud835\ude02\ud835\uddf9 \u201e\ud835\udc7a\ud835\udc86\ud835\udc8f\ud835\udc8a\ud835\udc90\ud835\udc93\ud835\udc8a\ud835\udc8a \ud835\udc8a\ud835\udc96\ud835\udc83\ud835\udc86\ud835\udc94\ud835\udc84 \ud835\udc84\ud835\udc82\ud835\udc8d\ud835\udc82\ud835\udc95\ud835\udc90\ud835\udc93\ud835\udc8a\ud835\udc8a\ud835\udc8d\ud835\udc86\u201d, \ud835\uddf0\ud835\uddfc\ud835\uddfb\ud835\uddf0\ud835\uddf2\ud835\uddfd\ud835\ude01 \ud835\uddfd\ud835\uddff\ud835\uddfc\ud835\uddfd\ud835\uddff\ud835\uddf6\ud835\ude02, \ud835\uddfd\ud835\uddf2\ud835\uddff\ud835\ude00\ud835\uddfc\ud835\uddfb\ud835\uddee\ud835\uddf9\ud835\uddf6\ud835\ude07\ud835\uddee\ud835\ude01 \ud835\uddf1\ud835\uddf2 \ud835\uddd4\ud835\ude00\ud835\uddfc\ud835\uddf0\ud835\uddf6\ud835\uddee\ud835\ude01\ud835\uddf6\ud835\uddee \ud835\udde2\ud835\uddee\ud835\uddfa\ud835\uddf2\ud835\uddfb\ud835\uddf6, \ud835\udde9\ud835\uddee\ud835\uddf9\ud835\uddfc\ud835\uddff\ud835\uddf6, \ud835\uddd9\ud835\uddee\ud835\uddfd\ud835\ude01\ud835\uddf2 \ud835\uddf6\u0302\ud835\uddfb \ud835\uddef\ud835\uddf2\ud835\uddfb\ud835\uddf2\ud835\uddf3\ud835\uddf6\ud835\uddf0\ud835\uddf6\ud835\ude02\ud835\uddf9 \ud835\ude00\ud835\uddf2\ud835\uddfb\ud835\uddf6\ud835\uddfc\ud835\uddff\ud835\uddf6\ud835\uddf9\ud835\uddfc\ud835\uddff \ud835\ude03\ud835\ude02\ud835\uddf9\ud835\uddfb\ud835\uddf2\ud835\uddff\ud835\uddee\ud835\uddef\ud835\uddf6\ud835\uddf9\ud835\uddf6.<\/p>\n\n\n\n<p><br><\/p>\n\n\n\n<figure class=\"wp-block-embed is-type-video is-provider-youtube wp-block-embed-youtube wp-embed-aspect-16-9 wp-has-aspect-ratio\"><div class=\"wp-block-embed__wrapper\">\n<iframe title=\"\ud835\udc00\ud835\udc0b\ud835\udc01\ud835\udc14\ud835\udc0c \ud835\udfd0 ~ \ud835\udc01\ud835\udc1a\ud835\udc25\ud835\udc1c\ud835\udc21\ud835\udc22\ud835\udc24, \ud835\udc01\ud835\udc2e\ud835\udc25\ud835\udc20\ud835\udc1a\ud835\udc2b\ud835\udc22\ud835\udc1a ~ \ud835\udfd0\ud835\udfd5 \ud835\udc26\ud835\udc1a\ud835\udc22 \ud835\udfd0\ud835\udfce\ud835\udfd0\ud835\udfd1\" width=\"680\" height=\"383\" src=\"https:\/\/www.youtube.com\/embed\/xKOomCA9WKw?feature=oembed\" frameborder=\"0\" allow=\"accelerometer; autoplay; clipboard-write; encrypted-media; gyroscope; picture-in-picture; web-share\" allowfullscreen><\/iframe>\n<\/div><\/figure>\n","protected":false},"excerpt":{"rendered":"<p>&#8230;&#8230;din nou, ploaia cald\u0103, de var\u0103 ne-a \u00eenso\u021bit \u0219i la #Balchik \u0219i [&hellip;]<\/p>\n","protected":false},"author":1,"featured_media":0,"comment_status":"open","ping_status":"open","sticky":false,"template":"","format":"standard","meta":{"_seopress_robots_primary_cat":"none","_seopress_titles_title":"","_seopress_titles_desc":"","_seopress_robots_index":"","footnotes":""},"categories":[3],"tags":[],"class_list":["post-798","post","type-post","status-publish","format-standard","hentry","category-noutati"],"_links":{"self":[{"href":"https:\/\/oamenivalorifapte.ro\/index.php\/wp-json\/wp\/v2\/posts\/798"}],"collection":[{"href":"https:\/\/oamenivalorifapte.ro\/index.php\/wp-json\/wp\/v2\/posts"}],"about":[{"href":"https:\/\/oamenivalorifapte.ro\/index.php\/wp-json\/wp\/v2\/types\/post"}],"author":[{"embeddable":true,"href":"https:\/\/oamenivalorifapte.ro\/index.php\/wp-json\/wp\/v2\/users\/1"}],"replies":[{"embeddable":true,"href":"https:\/\/oamenivalorifapte.ro\/index.php\/wp-json\/wp\/v2\/comments?post=798"}],"version-history":[{"count":1,"href":"https:\/\/oamenivalorifapte.ro\/index.php\/wp-json\/wp\/v2\/posts\/798\/revisions"}],"predecessor-version":[{"id":801,"href":"https:\/\/oamenivalorifapte.ro\/index.php\/wp-json\/wp\/v2\/posts\/798\/revisions\/801"}],"wp:attachment":[{"href":"https:\/\/oamenivalorifapte.ro\/index.php\/wp-json\/wp\/v2\/media?parent=798"}],"wp:term":[{"taxonomy":"category","embeddable":true,"href":"https:\/\/oamenivalorifapte.ro\/index.php\/wp-json\/wp\/v2\/categories?post=798"},{"taxonomy":"post_tag","embeddable":true,"href":"https:\/\/oamenivalorifapte.ro\/index.php\/wp-json\/wp\/v2\/tags?post=798"}],"curies":[{"name":"wp","href":"https:\/\/api.w.org\/{rel}","templated":true}]}}